{"id":6729,"date":"2021-11-18T10:21:41","date_gmt":"2021-11-18T09:21:41","guid":{"rendered":"https:\/\/abbet.be\/abbet\/2021\/11\/18\/atelier-la-gouvernance-participative\/"},"modified":"2023-07-10T10:22:16","modified_gmt":"2023-07-10T08:22:16","slug":"workshop-voor-participatief-bestuur","status":"publish","type":"post","link":"http:\/\/abbet.be\/nl\/atelier-la-gouvernance-participative\/","title":{"rendered":"WORKSHOP: Participatief bestuur"},"content":{"rendered":"<p> En 2020, suite \u00e0 l\u2019\u00e9tude sur les probl\u00e9matiques de bien-\u00eatre au travail au sein des associations agr\u00e9\u00e9es par l\u2019ABBET, nous vous avions invit\u00e9s \u00e0 participer \u00e0 plusieurs ateliers sur les diff\u00e9rentes th\u00e9matiques du bien-\u00eatre au travail. Ces ateliers avaient rencontr\u00e9 un grand succ\u00e8s aupr\u00e8s d\u2019un bon nombre d\u2019associations.<br \/>\nSoucieuse de cr\u00e9er des espaces de r\u00e9flexions sur les bonnes pratiques \u00e0 mettre en \u0153uvre au sein du secteur associatif bruxellois, l\u2019ABBET organise deux ateliers additionnels. Ces deux ateliers seront g\u00e9r\u00e9s par IDEA Consult, ayant d\u00e9j\u00e0 r\u00e9alis\u00e9 l\u2019\u00e9tude pr\u00e9c\u00e9dente et anim\u00e9 les pr\u00e9c\u00e9dents ateliers.  <\/p>\n<p><strong>Ces ateliers auront pour objectif de discuter des probl\u00e9matiques rencontr\u00e9es par les associations en lien avec ces th\u00e8mes, et d\u2019identifier les bonnes pratiques et solutions \u00e9ventuelles \u00e0 mettre en place, ainsi que les freins \u00e0 la mise en place de ces solutions. <\/strong> <\/p>\n<p>[(<strong>La gouvernance participative<\/strong><br \/>\nLe 22 f\u00e9vrier de 13h30 \u00e0 17h00<br \/>\n)]<\/p>\n<p>La participation des travailleurs est souhait\u00e9e par la majorit\u00e9 des acteurs du secteur associatif mais comment l\u2019organiser concr\u00e8tement, dans quel cadre et avec quelles limites ? Comment s\u2019assurer qu\u2019elle n\u2019engendre pas de surcharge de travail mais, au contraire, qu\u2019elle participe au sentiment de bien-\u00eatre et de motivation au travail tout en se mettant au service de la finalit\u00e9 de l\u2019association ? Comment faire comprendre aux travailleurs toute l\u2019utilit\u00e9 et l\u2019importance de ce type de dynamique ? Dans les asbl de taille relativement importante, comment l\u2019organiser en bonne intelligence avec l\u2019organe repr\u00e9sentatif de la voix des travailleurs que sont les syndicats ? Etc.<\/p>\n<p>[(Chaque atelier durera 3h30 et sera organis\u00e9 \u00e0 l\u2019ABBET en respectant les mesures sanitaires en vigueur.<br \/>\nIl sera anim\u00e9 en fran\u00e7ais mais chacun pourra s&#8217;exprimer dans sa langue.<br \/>\nAfin de faciliter les \u00e9changes, nous limitons chaque atelier \u00e0 8 personnes.<br \/>\nSi vous souhaitez participer \u00e0 l\u2019un de ces ateliers, nous vous invitons \u00e0  compl\u00e9ter le formulaire ci-dessous.  <\/p>\n<p>Les inscriptions sont ouvertes jusqu\u2019au 24 janvier 2022. Nous confirmerons \u00e0 chacun et chacune son inscription apr\u00e8s cette date.)]<\/p>\n<formulaire|formidable|id=inscription_13022020_1636986295_1636986602>\n","protected":false},"excerpt":{"rendered":"<p>En 2020, suite \u00e0 l\u2019\u00e9tude sur les probl\u00e9matiques de bien-\u00eatre au travail au sein des associations agr\u00e9\u00e9es par l\u2019ABBET, nous vous avions invit\u00e9s \u00e0 participer \u00e0 plusieurs ateliers sur les [&hellip;]<\/p>\n","protected":false},"author":8,"featured_media":0,"comment_status":"closed","ping_status":"closed","sticky":false,"template":"","format":"standard","meta":{"_acf_changed":false,"_seopress_robots_primary_cat":"","_seopress_titles_title":"","_seopress_titles_desc":"","_seopress_robots_index":"","footnotes":""},"categories":[1],"tags":[],"class_list":["post-6729","post","type-post","status-publish","format-standard","hentry","category-non-classifiee"],"acf":[],"_links":{"self":[{"href":"http:\/\/abbet.be\/nl\/wp-json\/wp\/v2\/posts\/6729","targetHints":{"allow":["GET"]}}],"collection":[{"href":"http:\/\/abbet.be\/nl\/wp-json\/wp\/v2\/posts"}],"about":[{"href":"http:\/\/abbet.be\/nl\/wp-json\/wp\/v2\/types\/post"}],"author":[{"embeddable":true,"href":"http:\/\/abbet.be\/nl\/wp-json\/wp\/v2\/users\/8"}],"replies":[{"embeddable":true,"href":"http:\/\/abbet.be\/nl\/wp-json\/wp\/v2\/comments?post=6729"}],"version-history":[{"count":0,"href":"http:\/\/abbet.be\/nl\/wp-json\/wp\/v2\/posts\/6729\/revisions"}],"wp:attachment":[{"href":"http:\/\/abbet.be\/nl\/wp-json\/wp\/v2\/media?parent=6729"}],"wp:term":[{"taxonomy":"category","embeddable":true,"href":"http:\/\/abbet.be\/nl\/wp-json\/wp\/v2\/categories?post=6729"},{"taxonomy":"post_tag","embeddable":true,"href":"http:\/\/abbet.be\/nl\/wp-json\/wp\/v2\/tags?post=6729"}],"curies":[{"name":"wp","href":"https:\/\/api.w.org\/{rel}","templated":true}]}}