{"id":3801,"date":"2017-03-17T13:25:33","date_gmt":"2017-03-17T12:25:33","guid":{"rendered":"https:\/\/abbet.be\/abbet\/2017\/03\/17\/le-service-interne-de-lutte-contre\/"},"modified":"2022-04-07T18:12:40","modified_gmt":"2022-04-07T16:12:40","slug":"de-binnenlandse-gevechtsdienst","status":"publish","type":"post","link":"http:\/\/abbet.be\/nl\/le-service-interne-de-lutte-contre\/","title":{"rendered":"De interne dienst voor de strijd tegen"},"content":{"rendered":"<p>L\u2019employeur doit cr\u00e9er un service interne de lutte contre l\u2019incendie au sein de son organisation et d\u00e9signer les membres qui le composent en tenant compte de la taille et du type d\u2019activit\u00e9s. Il s\u2019assure que ce service dispose de moyens suffisants pour accomplir ses t\u00e2ches de mani\u00e8re compl\u00e8te et efficace.<br \/>\nLes missions principales de ce service sont, entre autres, de r\u00e9aliser les t\u00e2ches n\u00e9cessaires pour lutter contre tout d\u00e9but d\u2019incendie dans des conditions optimales de s\u00e9curit\u00e9 et de mettre en s\u00e9curit\u00e9 les personnes en attendant les secours.<\/p>\n<p>[*Pour remplir ses t\u00e2ches, le service de lutte contre l\u2019incendie doit*]<br \/>\n<img decoding=\"async\" class=\" alignright size-full wp-image-3722\" src=\"https:\/\/abbet.be\/abbet\/wp-content\/uploads\/sites\/2\/2017\/03\/extincteur.jpg\" alt=\"extincteur.jpg\" align=\"right\" width=\"149\" height=\"185\" \/><\/p>\n<ul>\n<li> <strong>Recevoir une formation et un recyclage sp\u00e9cifiques \u00e0 la pr\u00e9vention incendie <\/strong> &#8211; <a href=\"https:\/\/abbet.be\/abbet\/2014\/10\/29\/fiche-3-7-formation-des-acteurs-du-bien-etre-au-travail\/\" target=\"_blank\" rel=\"noopener noreferrer nofollow\">Fiche Bobet 3.7<\/a><\/li>\n<li> <strong>S\u2019assurer que les \u00e9quipements de s\u00e9curit\u00e9 disponibles sont suffisants et efficaces<\/strong><\/li>\n<li> <strong>Organiser des exercices d\u2019\u00e9vacuation sur base annuelle et proc\u00e9der \u00e0 leur \u00e9valuation<\/strong><\/li>\n<li> <strong>Collaborer avec les autres acteurs BET (secouriste et conseiller en pr\u00e9vention).<\/strong><\/li>\n<\/ul>\n<div id='gallery-1' class='gallery galleryid-3801 gallery-columns-3 gallery-size-thumbnail'><figure class='gallery-item'>\n\t\t\t<div class='gallery-icon portrait'>\n\t\t\t\t<a href='https:\/\/abbet.be\/wp-content\/uploads\/2017\/03\/extincteur.jpg'><img decoding=\"async\" width=\"149\" height=\"150\" src=\"https:\/\/abbet.be\/wp-content\/uploads\/2017\/03\/extincteur-149x150.jpg\" class=\"attachment-thumbnail size-thumbnail\" alt=\"extincteur.jpg\" srcset=\"https:\/\/abbet.be\/wp-content\/uploads\/2017\/03\/extincteur-149x150.jpg 149w, https:\/\/abbet.be\/wp-content\/uploads\/2017\/03\/extincteur-100x100.jpg 100w\" sizes=\"(max-width: 149px) 100vw, 149px\" \/><\/a>\n\t\t\t<\/div><\/figure>\n\t\t<\/div>\n\n","protected":false},"excerpt":{"rendered":"<p>L\u2019employeur doit cr\u00e9er un service interne de lutte contre l\u2019incendie au sein de son organisation et d\u00e9signer les membres qui le composent en tenant compte de la taille et du [&hellip;]<\/p>\n","protected":false},"author":2035,"featured_media":3722,"comment_status":"closed","ping_status":"closed","sticky":false,"template":"","format":"standard","meta":{"_acf_changed":false,"_seopress_robots_primary_cat":"","_seopress_titles_title":"","_seopress_titles_desc":"","_seopress_robots_index":"","footnotes":""},"categories":[1],"tags":[],"class_list":["post-3801","post","type-post","status-publish","format-standard","has-post-thumbnail","hentry","category-non-classifiee"],"acf":[],"_links":{"self":[{"href":"http:\/\/abbet.be\/nl\/wp-json\/wp\/v2\/posts\/3801","targetHints":{"allow":["GET"]}}],"collection":[{"href":"http:\/\/abbet.be\/nl\/wp-json\/wp\/v2\/posts"}],"about":[{"href":"http:\/\/abbet.be\/nl\/wp-json\/wp\/v2\/types\/post"}],"author":[{"embeddable":true,"href":"http:\/\/abbet.be\/nl\/wp-json\/wp\/v2\/users\/2035"}],"replies":[{"embeddable":true,"href":"http:\/\/abbet.be\/nl\/wp-json\/wp\/v2\/comments?post=3801"}],"version-history":[{"count":0,"href":"http:\/\/abbet.be\/nl\/wp-json\/wp\/v2\/posts\/3801\/revisions"}],"wp:featuredmedia":[{"embeddable":true,"href":"http:\/\/abbet.be\/nl\/wp-json\/wp\/v2\/media\/3722"}],"wp:attachment":[{"href":"http:\/\/abbet.be\/nl\/wp-json\/wp\/v2\/media?parent=3801"}],"wp:term":[{"taxonomy":"category","embeddable":true,"href":"http:\/\/abbet.be\/nl\/wp-json\/wp\/v2\/categories?post=3801"},{"taxonomy":"post_tag","embeddable":true,"href":"http:\/\/abbet.be\/nl\/wp-json\/wp\/v2\/tags?post=3801"}],"curies":[{"name":"wp","href":"https:\/\/api.w.org\/{rel}","templated":true}]}}